{"id":2416,"date":"2012-06-26T22:35:54","date_gmt":"2012-06-26T14:35:54","guid":{"rendered":"http:\/\/shanghai.stunts.hu\/?p=2416"},"modified":"2012-06-26T22:54:11","modified_gmt":"2012-06-26T14:54:11","slug":"duanwu-unnep-sarkanyhajo-fesztival","status":"publish","type":"post","link":"https:\/\/shanghai.stunts.hu\/?p=2416","title":{"rendered":"Duanwu \u00fcnnep &#8211; s\u00e1rk\u00e1nyhaj\u00f3-fesztiv\u00e1l"},"content":{"rendered":"<p>Am\u00edg otthon m\u00e1r mindenki k\u00e9sz\u00fcl\u0151dik a ny\u00e1rra \u00e9s a munkahelyeken sokszor m\u00e1r csak f\u00e9lg\u0151zzel megy az \u00e9let, addig itt sok v\u00e1ltoz\u00e1s nem t\u00f6rt\u00e9nik. A ny\u00e1ri vak\u00e1ci\u00f3z\u00e1snak nincs nagy keletje itt keleten (haha) &#8211; mindenki a k\u00e9t f\u0151 \u00fcnnep alatt, \u00faj\u00e9vkor \u00e9s az okt\u00f3beri nemzeti napok alatt \u00a0(mindkett\u0151 egy h\u00e9tig tart) utazik &#8211; vagy haza, vagy nyaralni. \u00cdgy a ny\u00e1r nagyr\u00e9szt munk\u00e1val telik &#8211; \u00e9s j\u00fanius sem kiv\u00e9tel.<\/p>\n<p>K\u00e9t dolog miatt azonban m\u00e9gis eml\u00edt\u00e9srem\u00e9lt\u00f3 az \u00e9vnek ez a szaka.<\/p>\n<ol>\n<li>Ilyenkor van a Duanwu (s\u00e1rk\u00e1nyhaj\u00f3) fesztiv\u00e1l<\/li>\n<li><del>Bek\u00f6sz\u00f6nt<\/del>\u00a0jav\u00e1ban zajlik az es\u0151s \u00e9vszak<\/li>\n<\/ol>\n<p>L\u00e1ssuk kicsit b\u0151vebben.<\/p>\n<p><!--more--><\/p>\n<p>A Duanwu fesztiv\u00e1l egy a n\u00e9gy f\u0151 k\u00ednai tradicion\u00e1lis \u00fcnnep k\u00f6z\u00fcl. A k\u00ednai \u00faj\u00e9vet (tavasz\u00fcnnep) az\u00e9rt a t\u00f6bbs\u00e9g ismeri, a\u00a0m\u00e1sik kett\u0151 kev\u00e9ss\u00e9 ismert:<\/p>\n<ul>\n<li>a Qingming (s\u00edrtakar\u00edt\u00f3) \u00fcnnep \u00e1prilis k\u00f6rny\u00e9k\u00e9n ker\u00fcl sorra<\/li>\n<li>\u00a0Az \u0151szk\u00f6z\u00e9p-\u00fcnnep szeptember-okt\u00f3ber t\u00e1j\u00e1n.<\/li>\n<\/ul>\n<p>A pontos d\u00e1tum mindig v\u00e1ltozik, mert minden \u00fcnnep a k\u00ednai holdalap\u00fa napt\u00e1rhoz van k\u00f6tve.<\/p>\n<p>P\u00e1r \u00e9ve ezeket az \u00fcnnepeket m\u00e9g nem tartott\u00e1k meg hivatalosan, 2008 \u00f3ta azonban \u00fajra el\u0151ker\u00fcltek \u00e9s hivatalos munkasz\u00fcneti napokk\u00e1 nyilv\u00e1n\u00edtott\u00e1k. Id\u00e9n a Duanwu szombatra esett &#8211; de itt szerencs\u00e9re olyan a rendszer, hogy ha h\u00e9tv\u00e9g\u00e9re esik az \u00fcnnepnap, kapsz cser\u00e9be egy h\u00e9tk\u00f6znapot szabadnapk\u00e9nt (az ok egyszer\u0171, a n\u00e9pess\u00e9g t\u00f6bbs\u00e9ge h\u00e9tv\u00e9g\u00e9n is dolgozik, ne \u00e9rjen senkit el\u0151ny vagy h\u00e1tr\u00e1ny).<\/p>\n<p>\u00cdgy volt egy kellemes hossz\u00fa h\u00e9tv\u00e9g\u00e9nk. Nem fogok r\u00e9szletesen kit\u00e9rni az \u00fcnnep eredet\u00e9re \u00e9s ok\u00e1ra, akit \u00e9rdekel \u00fagyis ut\u00e1na tud olvasni. H\u00e1rom f\u0151 dologgal foglalkoznak ilyenkor a k\u00ednaiak, persze sok m\u00e1s apr\u00f3bb, kev\u00e9ss\u00e9 ismert, vagy region\u00e1lis szok\u00e1s mellett.<\/p>\n<p><strong>1. Zongzi-ev\u00e9s<\/strong><\/p>\n<p>A Zongzi nagy kedvencem, bambuszlev\u00e9lbe tekert, tetra\u00e9derr\u00e9 form\u00e1zott ragacsos rizs, leggyakrabban cs\u00fcl\u00f6kdarabokat \u00e9s s\u00f3s toj\u00e1ss\u00e1rg\u00e1j\u00e1t elrejtve itt-ott, de sokf\u00e9le t\u00f6ltel\u00e9k l\u00e9tezik, nekem a kedvencem a cs\u00fclk\u00f6s-gomb\u00e1s. Ide\u00e1lis bicajoskaja. Melegben sem romlik meg, nem folyik, nem koszol, \u00edzletes, k\u00f6nnyen em\u00e9szthet\u0151 \u00e9s komoly mennyis\u00e9g\u0171 energi\u00e1t tartalmaz, m\u00e9gse t\u00fal \u00e9des.<\/p>\n<p>Duanwu alatt pedig ez a tradicion\u00e1lis \u00e9tel. Az eredete eg\u00e9szen id\u0151sz\u00e1m\u00edt\u00e1sunk el\u0151tt 278-ig folyik vissza, mikor is egy Qu Yuan nev\u0171 hivatalnok \u00e9s k\u00f6lt\u0151 a foly\u00f3ba vetette mag\u00e1t. Ellenezte, hogy kir\u00e1lya, a Chu \u00e1llam vezet\u0151je sz\u00f6vets\u00e9gre l\u00e9pjen a szomsz\u00e9d Qin \u00e1llammal. Ellenkez\u00e9se miatt fels\u00e9g\u00e1rul\u00e1ssal gyan\u00fas\u00edtott\u00e1k az am\u00fagy \u00f6r\u00f6kk\u00e9 h\u0171s\u00e9ges hivatalnokot \u00e9s sz\u00e1m\u0171zt\u00e9k. Ekkor sz\u00fclettek versei. Tizennyolc \u00e9vvel k\u00e9s\u0151bb persze neki lett igaza, mert a Qin \u00e1llam leig\u00e1zta Chu \u00e1llamot. Szomor\u00fas\u00e1g\u00e1ban Qu Yuan \u00f6ngyilkos lett ezen a napon.<\/p>\n<p>Tisztel\u0151i ilyen kis lev\u00e9lbe burkolt riszgomb\u00f3cokat dob\u00e1ltak a foly\u00f3ba, hogy a halak azt egy\u00e9k, ne a k\u00f6lt\u0151 test\u00e9t. Ezen k\u00edv\u00fcl haj\u00f3kr\u00f3l is pr\u00f3b\u00e1lt\u00e1k elzavarni a halakat (nem akarom tudni, milyen halak lehettek ezek) &#8211; ebb\u0151l ered a s\u00e1rk\u00e1nyhaj\u00f3z\u00e1s. D\u00e9l-K\u00edn\u00e1ban sok helyen a mai napig nem megeszik a zongzi-t, hanem a foly\u00f3ba dobj\u00e1k.<\/p>\n<figure style=\"width: 229px\" class=\"wp-caption aligncenter\"><img loading=\"lazy\" src=\"http:\/\/t1.gstatic.com\/images?q=tbn:ANd9GcTYkC2TkoCyT6aK9HUgmvP2IpRC1BvUIXCewIzk_7fPQCipgF6Z7-OLfwdkRw\" alt=\"\" width=\"229\" height=\"220\" \/><figcaption class=\"wp-caption-text\">zongzi<\/figcaption><\/figure>\n<p><strong>2. S\u00e1rk\u00e1nyhaj\u00f3-verseny a foly\u00f3kon<\/strong><\/p>\n<p>Ez tal\u00e1n k\u00fclf\u00f6ld\u00f6n a legismertebb. Hossz\u00fa, \u00e1ltal\u00e1ban s\u00e1rk\u00e1nyfejjel vagy mot\u00edvumokkal d\u00edsz\u00edtett haj\u00f3kba \u00fclnek, el\u00f6l a dobos \u00fcti a ritmust, k\u00f6z\u00e9pen az er\u0151s emberek eveznek ahogy b\u00edrnak, h\u00e1tul meg egy korm\u00e1nyos ir\u00e1ny\u00edt. Azt\u00e1n versenyeznek a foly\u00f3n. Shanghaiban is van verseny, nemzetk\u00f6zi, amit id\u00e9n is egy magyar csapat (nem helyiek) nyertek meg. A t\u00f6megt\u0151l f\u00e9lve sajnos ezt az esem\u00e9nyt id\u00e9n is kihagytuk, de ez\u00faton is gratul\u00e1lunk!<\/p>\n<figure style=\"width: 800px\" class=\"wp-caption alignnone\"><img loading=\"lazy\" src=\"http:\/\/sh.people.com.cn\/NMediaFile\/2012\/0623\/LOCAL201206231254000309043094976.jpg\" alt=\"\" width=\"800\" height=\"533\" \/><figcaption class=\"wp-caption-text\">a magyar s\u00e1rk\u00e1nyhaj\u00f3-csapat<\/figcaption><\/figure>\n<p><strong>3.\u00a0Gonosz szellemek el\u0171z\u00e9se, szerencsevad\u00e1szat<\/strong><\/p>\n<p>No, ennek van sok m\u00f3dja, m\u00edtikus figur\u00e1k k\u00e9peinek fel\u00e1ll\u00edt\u00e1sa, hossz\u00fa s\u00e9t\u00e1k az \u00fcnnep napj\u00e1n vagy esetleg a toj\u00e1s\u00e1ll\u00edt\u00e1s &#8211; azaz egy toj\u00e1st kell \u00fagy egyens\u00falyozni, hogy mag\u00e1t\u00f3l meg\u00e1lljon a talp\u00e1n &#8211; ha ez pont d\u00e9lben siker\u00fcl, nagyon m\u00e1zlis leszel.<\/p>\n<p>\u00c9s azt is l\u00e1ttuk &#8211; m\u00e1r tavaly is-, hogy az \u00fcnnep t\u00e1j\u00e1n a piacr\u00f3l mindenki valami hossz\u00fa z\u00f6ld n\u00f6v\u00e9nnyel (pontosabban k\u00e9tf\u00e9le n\u00f6v\u00e9nnyel, \u00f6sszek\u00f6tve) megy haza, nek\u00fcnk meg fogalmunk se volt eszik-e vagy issz\u00e1k. De itt \u00e1t is adom a sz\u00f3t Andinak, mint a t\u00e9ma \u00fajdons\u00fclt szak\u00e9rt\u0151j\u00e9nek.<\/p>\n<p><em>M\u00e1r tavaly fut\u00e1s k\u00f6zben tapasztaltam, hogy az \u00fcnnep k\u00f6zeledt\u00e9vel megjelennek a piacon a z\u00f6lds\u00e9gek \u00e9s gy\u00fcm\u00f6lcs\u00f6k mellett ezek a hossz\u00fa z\u00f6ld n\u00f6v\u00e9nyek &#8211; mintha csak gazt t\u00e9ptek volna ki valamelyik \u00fat sz\u00e9l\u00e9r\u0151l, de m\u00e9g fizetnek is \u00e9rte, hogy hazavihess\u00e9k. Mindenesetre nagyon furcsa volt, m\u00e1r akkor gondolkoztam rajta, mi lehet ez, megeszik-e (mert a k\u00ednaiak ugye b\u00e1rmit&#8230;), megf\u0151zik, vagy egy\u00e1ltal\u00e1n, mit csin\u00e1lnak vele.<br \/>\nId\u00e9n m\u00e1r zaklattam Petit, m\u00e9giscsak jobb k\u00ednai tud\u00e1sa van, k\u00e9rdezze meg a kedvenc kof\u00e1nkt\u00f3l, mire j\u00f3 ez. N\u00e9mi vonakod\u00e1s ut\u00e1n legal\u00e1bb azt megk\u00e9rdezte, eszik-e &#8211; az kider\u00fclt, hogy nem. Vett\u00fcnk is egyet, hogy be tudjam mutatni, milyen &#8220;sz\u00e9ps\u00e9gr\u0151l&#8221; van sz\u00f3. N\u00e9zt\u00e9k is nagyon az utc\u00e1n a h\u00fclye k\u00fclf\u00f6ldit a csokor gazzal. \u00a0Otthon kiraktam az erk\u00e9lyre, v\u00e1z\u00e1ba m\u00e9gse raktam volna.<br \/>\nAzt\u00e1n a munkahely\u00e9n b\u0151vebb inform\u00e1ci\u00f3kat kapott arr\u00f3l mi ez. A c\u00e9lja szint\u00e9n a gonosz szellemek &#8211; \u00e9s a bogarak &#8211; el\u0171z\u00e9se, az ajt\u00f3 k\u00e9t oldal\u00e1ra szokt\u00e1k t\u00e1masztani, a legjobb hat\u00e1s \u00e9rdek\u00e9ben jobb az ajt\u00f3 f\u00f6l\u00e9 is l\u00f3gatni egy csokrot. Sz\u00f3val alapvet\u0151en nem tett\u00fck nagyon rossz helyre, legal\u00e1bb az erk\u00e9lyr\u0151l nem j\u00f6n be majd bog\u00e1r. \ud83d\ude42 \u00c9s hogy mi ez a n\u00f6v\u00e9ny? Az egyik fele p\u00e1lmalev\u00e9l, a m\u00e1sik pedig nem m\u00e1s, mint az otthon a parlagf\u0171vel egyenrang\u00fa fekete \u00fcr\u00f6m!<\/em><\/p>\n<figure id=\"attachment_2417\" aria-describedby=\"caption-attachment-2417\" style=\"width: 600px\" class=\"wp-caption aligncenter\"><a href=\"http:\/\/shanghai.stunts.hu\/?attachment_id=2417\" rel=\"attachment wp-att-2417\"><img loading=\"lazy\" class=\"size-medium wp-image-2417\" title=\"IMG_6384\" src=\"http:\/\/shanghai.stunts.hu\/wp-content\/uploads\/IMG_6384-600x450.jpg\" alt=\"\" width=\"600\" height=\"450\" srcset=\"https:\/\/shanghai.stunts.hu\/wp-content\/uploads\/IMG_6384-600x450.jpg 600w, https:\/\/shanghai.stunts.hu\/wp-content\/uploads\/IMG_6384-1024x768.jpg 1024w, https:\/\/shanghai.stunts.hu\/wp-content\/uploads\/IMG_6384.jpg 1600w\" sizes=\"(max-width: 600px) 100vw, 600px\" \/><\/a><figcaption id=\"caption-attachment-2417\" class=\"wp-caption-text\">gonosz szellemek, kifel\u00e9!<\/figcaption><\/figure>\n<p>\u00dczletemberek, itt a lehet\u0151s\u00e9g: Otthon irtand\u00f3 gyomn\u00f6v\u00e9ny, itt Shanghaiban 2Y (70Ft) k\u00e9t sz\u00e1l. Igaz, csak az \u00e9v egy r\u00f6vid szak\u00e1ban, no de akkor is j\u00f3 a profitar\u00e1ny, nem? \ud83d\ude42<\/p>\n<p><strong>+1<\/strong> <strong>V\u00e9g\u00fcl pedig az es\u0151s \u00e9vszakr\u00f3l<\/strong><\/p>\n<p>T\u00e9len sose gondoln\u00e1 az ember, de az\u00e9rt Shanghai szubtr\u00f3pusi \u00e9ghajlattal rendelkezik. Ez pedig azzal j\u00e1r, hogy a ny\u00e1r er\u0151sen csapad\u00e9kos \u00e9s nagyon nedves. Az \u00e1tlagos p\u00e1ratartalom 80-85% k\u00f6r\u00fcl alakul v\u00e9gig, a ny\u00e1r minden h\u00f3napj\u00e1ban havi 150mm feletti csapat\u00e9k hull, de a legnedvesebb a j\u00fanius, mikoris az \u00e1tlag csapad\u00e9k 170mm, \u00e9s a h\u00f3nap 30 napj\u00e1b\u00f3l \u00e1tlag 14 nap esik. \u00d6sszehasonl\u00edt\u00e1sk\u00e9pp: ez a 170mm a magyarorsz\u00e1gi \u00c9VES csapad\u00e9k 30%-a.Ebb\u0151l k\u00e9t dolog k\u00f6vetkezik:<\/p>\n<p>1. Sokszor esik (pl. most is szakad)<\/p>\n<p>2. Ha esik, akkor nagyon.<\/p>\n<p>Gyakorlatilag legritk\u00e1bb minden m\u00e1snap esik, \u00e9s akkor vagy eg\u00e9sz nap \u00fagy esik 24 \u00f3r\u00e1n \u00e1t, mint egy k\u00f6zepesen er\u0151s zuhanyb\u00f3l, vagy szakaszosan esik, p\u00e1r \u00f3r\u00e1t napi 4-5 alkalommal, de akkor a d\u00e9zs\u00e1b\u00f3l \u00f6ntik jelleggel. \u00a0Kellemes langyos es\u0151 am\u00fagy, az id\u0151 is kicsit (de csak nagyon kicsit) leh\u00fcl, pont annyira, hogy kereszthuzattal nem kell a l\u00e9gkondi, tiszta lesz t\u0151le a v\u00e1ros \u00e9s a leveg\u0151, kevesen vannak az utc\u00e1n, ha nem zavar, hogy vizes leszel, kifejezetten szerethet\u0151.<\/p>\n<p>A csapad\u00e9k m\u00e9g hagyj\u00e1n, a neheze akkor j\u00f6n, amikor el\u00e1ll az es\u0151. Ekkor ugyanis olyan, mintha egy felh\u0151ben lenn\u00e9l, hi\u00e1ba nincs t\u00fal meleg (24-28 fok jelenleg), a ruh\u00e1d teljesen nyirkos lesz a p\u00e1ratartalomt\u00f3l<\/p>\n<p>Enn\u00e9l csak az rosszabb, ha esetleg a nap is kis\u00fct k\u00e9t es\u0151 k\u00f6z\u00f6tt. Na ekkor m\u00e9g izzadni is elkezdesz (m\u00e9g \u00e9n is), de mivel a ruh\u00e1d m\u00e1r alapb\u00f3l csurom v\u00edz a p\u00e1r\u00e1t\u00f3l, sz\u00e9pen p\u00e1col\u00f3dsz a saj\u00e1t s\u00f3s levedben. Szerencs\u00e9re erre m\u00e9g nem volt p\u00e9lda, egyel\u0151re az es\u0151s-bor\u00fas v\u00e1ltja egym\u00e1st, amit \u00e9n jobban szeretek, mint az otthoni sz\u00e1raz h\u0151s\u00e9get, amiben 10 perc alatt r\u00e1kv\u00f6r\u00f6s leszel.<\/p>\n<p>Nem csak \u00e9n szeretem ezt az id\u0151j\u00e1r\u00e1st, \u00a0hanem k\u00fcl\u00f6nf\u00e9le \u00e9l\u0151l\u00e9nyek is. P\u00e9ld\u00e1ul a sz\u00fanyogok. Szerencs\u00e9re id\u00e9n alig van, mert rendesen kiirtott\u00e1k \u0151ket &#8211; illetve egy m\u00e1sik \u00e9l\u0151l\u00e9ny is nagyon kedveli az eff\u00e9le id\u0151j\u00e1r\u00e1st: a denev\u00e9rek.<\/p>\n<p>Az utc\u00e1n a f\u00e1k k\u00f6z\u00f6tt ugyanis nem madarak repkednek, mint azt fel\u00fcletes megfigyel\u0151 hinn\u00e9, hanem apr\u00f3 kis ver\u00e9bm\u00e9ret\u0171 denev\u00e9rek, amik szerencs\u00e9re a bog\u00e1rev\u0151 fajt\u00e1b\u00f3l ker\u00fclnek ki, teh\u00e1t akt\u00edvan hozz\u00e1j\u00e1rulnak a szunyogpopul\u00e1ci\u00f3 cs\u00f6kkent\u00e9s\u00e9hez. Mind\u00f6ssze egy denev\u00e9r 1200 sz\u00fanyogot tud megenni \u00f3r\u00e1nk\u00e9nt, ami az\u00e9rt jelent\u0151sen hat\u00e9konyabb, mint egyes\u00e9vel csapkodni.<\/p>\n<p>A mi utc\u00e1nkban is lakik egy denev\u00e9rkol\u00f3nia, szeretj\u00fck is \u0151ket, de az\u00e9rt az vicces, ahogy az esti f\u00e9lhom\u00e1lyban f\u00e9l m\u00e9terre az ember fej\u00e9t\u0151l csapkodnak el a hektikus mozg\u00e1sukkal. \ud83d\ude42<\/p>\n<p>A sok es\u0151 miatt \u00edgy az \u00fcnnepek is nagyr\u00e9szt otthoni pihen\u00e9ssel teltek. Az\u00e9rt vas\u00e1rnap elmentem Barnival bicajozni k\u00e9t es\u0151 k\u00f6z\u00f6tt, felfedezni egy \u00faj k\u00f6rny\u00e9ket &#8211; de err\u0151l majd legk\u00f6zelebb.<\/p>\n<div>\n<dl id=\"\">\n<dt><\/dt>\n<dt><strong><br \/>\n<\/strong><\/dt>\n<dt><\/dt>\n<dt><\/dt>\n<dt><\/dt>\n<dd><\/dd>\n<dd><\/dd>\n<\/dl>\n<\/div>\n","protected":false},"excerpt":{"rendered":"<p>Am\u00edg otthon m\u00e1r mindenki k\u00e9sz\u00fcl\u0151dik a ny\u00e1rra \u00e9s a munkahelyeken sokszor m\u00e1r csak f\u00e9lg\u0151zzel megy az \u00e9let, addig itt sok v\u00e1ltoz\u00e1s nem t\u00f6rt\u00e9nik. A ny\u00e1ri vak\u00e1ci\u00f3z\u00e1snak nincs nagy keletje itt keleten (haha) &#8211; mindenki a k\u00e9t f\u0151 \u00fcnnep alatt, \u00faj\u00e9vkor \u00e9s az okt\u00f3beri nemzeti napok alatt \u00a0(mindkett\u0151 egy h\u00e9tig tart) utazik &#8211; vagy haza, vagy [&hellip;]<\/p>\n","protected":false},"author":1,"featured_media":0,"comment_status":"open","ping_status":"open","sticky":false,"template":"","format":"standard","meta":[],"categories":[560],"tags":[692,695,693,696,516,694],"_links":{"self":[{"href":"https:\/\/shanghai.stunts.hu\/index.php?rest_route=\/wp\/v2\/posts\/2416"}],"collection":[{"href":"https:\/\/shanghai.stunts.hu\/index.php?rest_route=\/wp\/v2\/posts"}],"about":[{"href":"https:\/\/shanghai.stunts.hu\/index.php?rest_route=\/wp\/v2\/types\/post"}],"author":[{"embeddable":true,"href":"https:\/\/shanghai.stunts.hu\/index.php?rest_route=\/wp\/v2\/users\/1"}],"replies":[{"embeddable":true,"href":"https:\/\/shanghai.stunts.hu\/index.php?rest_route=%2Fwp%2Fv2%2Fcomments&post=2416"}],"version-history":[{"count":9,"href":"https:\/\/shanghai.stunts.hu\/index.php?rest_route=\/wp\/v2\/posts\/2416\/revisions"}],"predecessor-version":[{"id":2422,"href":"https:\/\/shanghai.stunts.hu\/index.php?rest_route=\/wp\/v2\/posts\/2416\/revisions\/2422"}],"wp:attachment":[{"href":"https:\/\/shanghai.stunts.hu\/index.php?rest_route=%2Fwp%2Fv2%2Fmedia&parent=2416"}],"wp:term":[{"taxonomy":"category","embeddable":true,"href":"https:\/\/shanghai.stunts.hu\/index.php?rest_route=%2Fwp%2Fv2%2Fcategories&post=2416"},{"taxonomy":"post_tag","embeddable":true,"href":"https:\/\/shanghai.stunts.hu\/index.php?rest_route=%2Fwp%2Fv2%2Ftags&post=2416"}],"curies":[{"name":"wp","href":"https:\/\/api.w.org\/{rel}","templated":true}]}}