{"id":2800,"date":"2012-09-02T22:32:55","date_gmt":"2012-09-02T14:32:55","guid":{"rendered":"http:\/\/shanghai.stunts.hu\/?p=2800"},"modified":"2012-09-02T22:46:45","modified_gmt":"2012-09-02T14:46:45","slug":"ovi-beszoktato-nap","status":"publish","type":"post","link":"https:\/\/shanghai.stunts.hu\/?p=2800","title":{"rendered":"Ovi \u2013 beszoktat\u00f3 nap"},"content":{"rendered":"<p>K\u00f6zk\u00edv\u00e1natra f\u00e9nyk\u00e9pes besz\u00e1mol\u00f3 \u2013 k\u00e9pmin\u0151s\u00e9g\u00e9rt eln\u00e9z\u00e9st, telefon volt csak n\u00e1lam.<\/p>\n<p>Vas\u00e1rnap reggel Barnival felpattantunk a bicajra \u00e9s elment\u00fcnk az \u00f3vod\u00e1ba. M\u00e9rs\u00e9kelt, de pozit\u00edv lelkesed\u00e9ssel indultunk neki. Bicajjal kevesebb, mint 10 perc az \u00fat, \u00edgy kor\u00e1n oda\u00e9rt\u00fcnk \u2013 de nem baj, legal\u00e1bb volt id\u0151m elint\u00e9zni a p\u00e9nz\u00fcgyeket \u00e9s \u00e1tvenni az egyenruhacsomagot. L-es csomagot adtak \u2013 hozz\u00e1nm\u00e9rtem Barnihoz a p\u00f3l\u00f3t, nagynak t\u0171nt, de mondt\u00e1k, ink\u00e1bb legyen nagyobb, hogy tov\u00e1bb j\u00f3 legyen, \u00edgy annyiban hagytam.<\/p>\n<p>F\u00e9l kilencre felment\u00fcnk a pingvinek term\u00e9be (2A terem, a m\u00e1sik k\u00e9t csoport am\u00fagy a koal\u00e1k \u00e9s a kiskuty\u00e1k) ahol m\u00e1r voltak p\u00e1ran. A terem el\u0151tt kis szekr\u00e9nyek \u2013 ahol m\u00e1r ott volt Barni kis pingvines matric\u00e1ja is \u2013 ide ker\u00fcl a t\u00e1ska \u00e9s a v\u00e1lt\u00f3cip\u0151. Ut\u00f3bbit m\u00e1r hoztunk is, \u00edgy haszn\u00e1latba is vett\u00fck. Bement\u00fcnk, ahol m\u00e1r voltak p\u00e1ran \u2013 Barni egyb\u0151l bevetette mag\u00e1t a kiskonyh\u00e1ba \u00e9s f\u0151z\u00e9sbe kezdett.<\/p>\n<p><a title=\"IMG_20120902_083757 by zaqrack, on Flickr\" href=\"http:\/\/www.flickr.com\/photos\/87286571@N00\/7913432942\/\"><img loading=\"lazy\" class=\"aligncenter\" src=\"http:\/\/farm9.staticflickr.com\/8311\/7913432942_e70ffb45da.jpg\" alt=\"IMG_20120902_083757\" width=\"500\" height=\"374\" \/><\/a><\/p>\n<p><!--more--><\/p>\n<p>Azt\u00e1n egyre t\u00f6bben lett\u00fcnk \u00e9s a kis asztalokhoz kellett \u00fclni. Kaptunk egy pap\u00edrt kiv\u00e1gand\u00f3 dolgokkal (vonalz\u00f3, k\u00f6nyv, oll\u00f3, m\u00e1gnes, srb.) amiket ragaszt\u00f3val kellett beragasztani egy kist\u00e1sk\u00e1ba. Barni idegenkedve ny\u00falt az oll\u00f3hoz, hiszen m\u00e9g ilyet nem csin\u00e1lt \u2013 nem is nagyon ment neki. A legt\u00f6bb gyerk\u0151c gond n\u00e9lk\u00fcl v\u00e1gott \u2013 \u00e9n nem tudom hol \u00e9s mikor tanulhatt\u00e1k meg, tal\u00e1n itt nem szok\u00e1s elrakni az oll\u00f3t a gyerekek el\u0151l :-O. Vagy csak ennyit sz\u00e1mt a p\u00e1r h\u00f3nap korel\u0151ny? (Barni az egyik legfiatalabb a csoportban) Nem tudom. \u00cdgy mindenesetre abban maradtunk, hogy \u00e9n v\u00e1gok \u0151 pedig ragaszt. \u00cdgy is nagyon \u00e9lvezte.<\/p>\n<p><a title=\"IMG_20120902_084749 by zaqrack, on Flickr\" href=\"http:\/\/www.flickr.com\/photos\/87286571@N00\/7913434754\/\"><img loading=\"lazy\" class=\"aligncenter\" src=\"http:\/\/farm9.staticflickr.com\/8029\/7913434754_c4177d7b7e.jpg\" alt=\"IMG_20120902_084749\" width=\"500\" height=\"374\" \/><\/a><\/p>\n<p><a title=\"IMG_20120902_085358 by zaqrack, on Flickr\" href=\"http:\/\/www.flickr.com\/photos\/87286571@N00\/7913436320\/\"><img loading=\"lazy\" class=\"aligncenter\" src=\"http:\/\/farm9.staticflickr.com\/8308\/7913436320_0b85798597.jpg\" alt=\"IMG_20120902_085358\" width=\"500\" height=\"374\" \/><\/a><\/p>\n<p>Nem \u00e9n voltam az egyetlen apuka \u2013 Atharv, az indiai fi\u00fa is apuk\u00e1j\u00e1val j\u00f6tt (\u0151 is el\u00e9gg\u00e9 meg volt szeppenve), t\u00f6bben j\u00f6ttek apuval-anyuval, illetve a jap\u00e1n kisl\u00e1ny Kokomi egyenesen ateljes pereputtyal \u2013 apa, anya, \u00e9s a k\u00e9t b\u00e1tyus \u2013 \u00e9rkezett. A legcukibb azonban m\u00e9gis az a k\u00ednai kisfi\u00fa volt, akit a kb. 5 \u00e9ves n\u0151v\u00e9re b\u00edztatgatott, hogy ne legyen szomor\u00fa, j\u00f3 dolog az ovi, az elej\u00e9n \u0151 is hamar megszerette. Rengeteg a vegyes gyerk\u0151c am\u00fagy \u2013 a francia nemzetis\u00e9g\u0171 Gabriel is k\u00ednai p\u00e9ld\u00e1ul, hi\u00e1ba nincs k\u00ednai neve egy\u00e1ltal\u00e1n \u2013 igaz, a haja olyan sz\u0151ke, mint Barninak.<\/p>\n<p>Mire elk\u00e9sz\u00fclt\u00fcnk, &#8220;circle time&#8221; volt, azaz a sz\u00e9keket felmarkolva el\u0151re kellett \u00fclni a t\u00e1bl\u00e1hoz. A sz\u00e9kcipel\u00e9st \u00f6r\u00f6mmel v\u00e9gezte Barni, azt\u00e1n mivel m\u00e9g t\u00f6bben nem k\u00e9sz\u00fcltek el, v\u00e1rni kellett \u2013 Barni k\u00e9rd\u0151n n\u00e9zett r\u00e1m, hogy most mi lesz (de mint l\u00e1that\u00f3 nem \u0151 volt az egyetlen).<\/p>\n<p><a title=\"IMG_20120902_085908 by zaqrack, on Flickr\" href=\"http:\/\/www.flickr.com\/photos\/87286571@N00\/7913438262\/\"><img loading=\"lazy\" class=\"aligncenter\" src=\"http:\/\/farm9.staticflickr.com\/8462\/7913438262_ec66676876.jpg\" alt=\"IMG_20120902_085908\" width=\"500\" height=\"374\" \/><\/a><\/p>\n<p>K\u00e9rdeztem t\u0151le, mi a baj, mire azt mondta: &#8220;Apa, de itt sok a gyerek!&#8221;<\/p>\n<p><a title=\"IMG_20120902_090156 by zaqrack, on Flickr\" href=\"http:\/\/www.flickr.com\/photos\/87286571@N00\/7913440148\/\"><img loading=\"lazy\" class=\"aligncenter\" src=\"http:\/\/farm9.staticflickr.com\/8177\/7913440148_a8999477ed.jpg\" alt=\"IMG_20120902_090156\" width=\"500\" height=\"374\" \/><\/a><\/p>\n<p>Ut\u00e1na Hanna \u00f3v\u00f3n\u00e9ni a t\u00e1bl\u00e1hoz ment \u00e9s elkezdett \u00e9nekelni a sz\u00ednekr\u0151l \u2013 persze angolul.<\/p>\n<p><object width=\"400\" height=\"226\" classid=\"clsid:d27cdb6e-ae6d-11cf-96b8-444553540000\" codebase=\"http:\/\/download.macromedia.com\/pub\/shockwave\/cabs\/flash\/swflash.cab#version=6,0,40,0\" bgcolor=\"#000000\"><param name=\"flashvars\" value=\"intl_lang=en-us&amp;photo_secret=51ae94f97a&amp;photo_id=7913430964\" \/><param name=\"allowFullScreen\" value=\"true\" \/><param name=\"src\" value=\"http:\/\/www.flickr.com\/apps\/video\/stewart.swf?v=109786\" \/><param name=\"allowfullscreen\" value=\"true\" \/><embed width=\"400\" height=\"226\" type=\"application\/x-shockwave-flash\" src=\"http:\/\/www.flickr.com\/apps\/video\/stewart.swf?v=109786\" flashvars=\"intl_lang=en-us&amp;photo_secret=51ae94f97a&amp;photo_id=7913430964\" allowFullScreen=\"true\" allowfullscreen=\"true\" bgcolor=\"#000000\" \/><\/object><\/p>\n<p>Barni egy sz\u00f3t sem \u00e9rtett az eg\u00e9szb\u0151l, amivel kisebbs\u00e9gbe ker\u00fclt a csoportban \u2013 a csoport harmada m\u00e1r most anyanyelvi szinten besz\u00e9l angolul, m\u00e1sik harmada \u00fagy-ahogy, a marad\u00e9k harmad nem \u00e9rti (f\u0151k\u00e9nt a jap\u00e1nok, az indiai kisfi\u00fa, p\u00e1r k\u00ednai \u00e9s Barni). \u00c9nekl\u00e9s k\u00f6zben Barni egy id\u0151 ut\u00e1n n\u00e9ha odafordult hozz\u00e1m \u00e9s megk\u00e9rdezte: &#8220;Apa, most m\u00e1r fel\u00e1llhatok?&#8221; &#8220;Apa, most m\u00e1r elmehetek?&#8221; De az\u00e9rt eg\u00e9sz tisztess\u00e9gesen b\u00edrta \u2013 egy darabig.<\/p>\n<p><a title=\"IMG_20120902_090435 by zaqrack, on Flickr\" href=\"http:\/\/www.flickr.com\/photos\/87286571@N00\/7913441988\/\"><img loading=\"lazy\" class=\"aligncenter\" src=\"http:\/\/farm9.staticflickr.com\/8316\/7913441988_db788a115c.jpg\" alt=\"IMG_20120902_090435\" width=\"500\" height=\"374\" \/><\/a><\/p>\n<p>\u00c9n sz\u00e9pen h\u00e1tr\u00e9bb vonultam, hogy ne legyek Barni l\u00e1t\u00f3ter\u00e9ben, szokja picit az \u00f3v\u00f3n\u00e9niket \u2013 ezt is b\u00edrta egy darabig, majd egyre t\u00f6bbet \u00e1s\u00edtozott, k\u00e9s\u0151bb egyszer h\u00e1trasz\u00f6k\u00f6tt hozz\u00e1m, azt\u00e1n m\u00e9g egyszer, azt\u00e1n harmadszor m\u00e1r nem j\u00f6tt, csak s\u00edrva fakadt az els\u0151 sor k\u00f6zep\u00e9n. H\u00e1trament\u00fcnk besz\u00e9lgetni \u00e9s j\u00e1tszani picit, majd \u00fajult motiv\u00e1ci\u00f3val visszament\u00fcnk \u2013 \u00e9rdekl\u0151dve n\u00e9zte Barni \u00e9s minden m\u00e1s gyerek, ahogy Hanna \u00f6sszefest\u00e9kezi a kezeit \u00e9s r\u00e1nyomja egy v\u00e1szont\u00e1sk\u00e1ra \u2013 nagyon tetszett neki, mondta, hogy &#8220;Piros lett a keze!&#8221; Ut\u00e1na kezd\u0151d\u00f6tt a &#8220;snack time&#8221;, azaz a nasi.<\/p>\n<p><a title=\"IMG_20120902_093117 by zaqrack, on Flickr\" href=\"http:\/\/www.flickr.com\/photos\/87286571@N00\/7913443722\/\"><img loading=\"lazy\" class=\"aligncenter\" src=\"http:\/\/farm9.staticflickr.com\/8040\/7913443722_9906a114e9.jpg\" alt=\"IMG_20120902_093117\" width=\"500\" height=\"374\" \/><\/a><\/p>\n<p>Visszatoltuk a sz\u00e9keket \u00e9s mindenki kapott tejet\/vizet \u00e9s kekszet. Barni mondta, hogy \u0151 nem \u00e9hes, \u00e9s ki szeretne menni j\u00e1tszani az udvarra. Mondtam neki, hogy mindenk\u00e9pp kimegy\u00fcnk majd, de most itt kell lennie a t\u00f6bbiekkel. Nasi ut\u00e1n megint circle time volt \u2013 minden gyerk\u0151c sorban az anyuk\u00e1j\u00e1val\/apuk\u00e1j\u00e1val kiment a t\u00e1bl\u00e1hoz, \u00f6sszefest\u00e9kezt\u00e9k a kez\u00fcket \u00e9s r\u00e1nyomt\u00e1k egy-egy v\u00e1szont\u00e1sk\u00e1ra amit haza lehetett vinni. Volt aki lelkesen ugr\u00e1ndozott k\u00f6zben, volt aki repet\u00e1zni akart, volt aki semleges belet\u00f6r\u0151d\u00e9ssel t\u0171rte, ahogy lenyomatot csin\u00e1lnak a kez\u00e9r\u0151l \u2013 \u00e9s volt egyetlen fi\u00fa, aki nem hagyta, hogy \u00f6sszefess\u00e9k a kez\u00e9t, \u00e9s \u00edgy az \u0151 t\u00e1sk\u00e1j\u00e1ra az apuk\u00e1ja k\u00e9znyoma ker\u00fclt. Na vajon ki volt az? <span style=\"font-family: Wingdings;\">L<\/span><\/p>\n<p><a title=\"IMG_20120902_094500 by zaqrack, on Flickr\" href=\"http:\/\/www.flickr.com\/photos\/87286571@N00\/7913445440\/\"><img loading=\"lazy\" class=\"aligncenter\" src=\"http:\/\/farm9.staticflickr.com\/8450\/7913445440_ab9b25b222.jpg\" alt=\"IMG_20120902_094500\" width=\"500\" height=\"374\" \/><\/a><\/p>\n<p>A k\u00e9zfest\u00e9st kisebb s\u00edr\u00e1s k\u00f6vette, aminek a j\u00e1t\u00e9kkonyh\u00e1ban tudtunk szerencs\u00e9re pillanatok alatt v\u00e9gett vetni. Ut\u00e1na Jessie \u00f3v\u00f3n\u00e9ni vette \u00e1t a staf\u00e9t\u00e1t, \u00e9s v\u00e1ltottunk k\u00ednai nyelvre egy darabig \u2013 sorban kij\u00f6ttek a gyerekek a t\u00e1bl\u00e1hoz, bemutatkoztak a t\u00f6bbieknek, megmutatt\u00e1k hol van apuk\u00e1juk \u00e9s anyuk\u00e1juk \u00e9s elmondt\u00e1k mit szeretnek a legjobban csin\u00e1lni. Barni nem akart odamenni (m\u00e1sok sem) \u00e9n meg nem er\u0151ltettem, gondoltam szokja ink\u00e1bb a helyet \u2013 \u00edgy mi ink\u00e1bb j\u00e1tszottunk tov\u00e1bb, ebb\u0151l a k\u00f6rb\u0151l kimaradtunk. A legeml\u00e9ketesebbek itt az ikrek voltak, akik persze egy\u00fctt mentek ki (am\u00fagy anyuk\u00e1jukkal \u00e9s az Ayival j\u00f6ttek), \u00e9s mint elmondt\u00e1k, a legjobban sik\u00edtozni szeretnek \u2013 amit praktikusan be is mutattak egy f\u00fclszaggat\u00f3 k\u00e1non-sikoltoz\u00e1sban j\u00f3 f\u00e9l percen kereszt\u00fcl\u2026 M\u00e1r f\u00e1radtak a gyerekek, t\u00f6bben nyafogtak vagy b\u00fajtak nagyon a sz\u00fcl\u0151kh\u00f6z, \u00e9s persze volt egy hiszt\u00e9ri\u00e1s rohamot kapott k\u00ednai kisl\u00e1ny is, Az egyik jap\u00e1n, Suoma pedig kicsit hat\u00e1rozottan tolta arr\u00e9bb a konyh\u00e1b\u00f3l Atharv-ot, az indiai fi\u00fat, aki erre persze szint\u00e9n s\u00edrni kezdett. Barnab\u00e1st nem \u00e9rte ilyen atrocit\u00e1s, mert tisztes \u2013 de biztos \u2013 t\u00e1vols\u00e1got tartott mindenki m\u00e1st\u00f3l.<\/p>\n<p>Azt\u00e1n v\u00e9gre k\u00f6veetkezett amire Barni v\u00e1rt \u2013 gyors cleanup, azaz rendrak\u00e1s ut\u00e1n mindenki kiment az udvarra j\u00e1tszani \u2013 r\u00e1ad\u00e1sul nem k\u00f6z\u00f6sen, hanem akivel \u00e9pp kedve t\u00e1madt. F\u00e9l \u00f3ra \u00f6nfeledt j\u00e1t\u00e9k k\u00f6vetkezett, gurigattunk \u00e9s bor\u00edtottunk hord\u00f3kat, dob\u00e1ltunk labd\u00e1t a dombr\u00f3l, \u00e1tm\u00e1sztunk az akad\u00e1lyp\u00e1ly\u00e1n \u00e9s homokoztunk. A medenc\u00e9t \u00e9s p\u00e1r m\u00e1s dolgot nem pr\u00f3b\u00e1ltuk ki egyel\u0151re, de \u00edgy is alig lehetett ber\u00e1ngatni Barnit f\u00e9l tizenkett\u0151kor.<\/p>\n<p style=\"text-align: center;\"><a title=\"IMG_20120902_102920 by zaqrack, on Flickr\" href=\"http:\/\/www.flickr.com\/photos\/87286571@N00\/7913447558\/\"><img loading=\"lazy\" src=\"http:\/\/farm9.staticflickr.com\/8453\/7913447558_f857f496c0.jpg\" alt=\"IMG_20120902_102920\" width=\"500\" height=\"374\" \/><\/a><br \/>\n<a title=\"IMG_20120902_104703 by zaqrack, on Flickr\" href=\"http:\/\/www.flickr.com\/photos\/87286571@N00\/7913450088\/\"><img loading=\"lazy\" src=\"http:\/\/farm9.staticflickr.com\/8442\/7913450088_937cfc5e6c.jpg\" alt=\"IMG_20120902_104703\" width=\"500\" height=\"374\" \/><\/a><br \/>\n<a title=\"IMG_20120902_105458 by zaqrack, on Flickr\" href=\"http:\/\/www.flickr.com\/photos\/87286571@N00\/7913451932\/\"><img loading=\"lazy\" src=\"http:\/\/farm9.staticflickr.com\/8033\/7913451932_d899a9f595.jpg\" alt=\"IMG_20120902_105458\" width=\"500\" height=\"374\" \/><\/a><br \/>\n<a title=\"IMG_20120902_110149 by zaqrack, on Flickr\" href=\"http:\/\/www.flickr.com\/photos\/87286571@N00\/7913454476\/\"><img loading=\"lazy\" src=\"http:\/\/farm9.staticflickr.com\/8447\/7913454476_b485db6eab.jpg\" alt=\"IMG_20120902_110149\" width=\"500\" height=\"374\" \/><\/a><\/p>\n<p>K\u00e9zmos\u00e1s, pisi, azt\u00e1n eb\u00e9d el\u0151tt m\u00e9g volt egy feladat mik\u00f6zben az Ayi t\u00e1lalt: a poharak kioszt\u00e1sa! Van egy v\u00edzadagol\u00f3 \u00e1llom\u00e1s, a k\u00e9t oldal\u00e1n kamp\u00f3k sz\u00e1mokkal ahova mindenki a pohar\u00e1t akasztja. Barni a 21-es sz\u00e1mot kapta, \u00e9s boldogoan ism\u00e9telgette, hogy ershiyi \u2013 azaz 21, amivel egyb\u0151l belopta mag\u00e1t p\u00e1r k\u00ednai anyuka sz\u00edv\u00e9be. Barni m\u00e9g mindig l\u00e1that\u00f3an idegenkedett az \u00f3v\u00f3n\u00e9nikt\u0151l (ellent\u00e9tben p\u00e1r \u2013n\u00e9ha m\u00e1r-m\u00e1r ideges\u00edt\u0151en \u2013 lelkes kisfi\u00faval), de \u00fagy l\u00e1ttam Jessievel nyitottabb \u2013 gondolom az\u00e9rt mert \u0151 t\u00f6bbsz\u00f6r besz\u00e9l k\u00ednaiul \u00e9s \u00e9rti amit mond, m\u00edg az angolb\u00f3l egy kukkot sem. Persze ez sok\u00e1ig nem fog tartani, mindk\u00e9t nyelv ragadni fog r\u00e1, de az\u00e9rt \u00f6r\u00fcl\u00f6k, hogy nagyr\u00e9szt a k\u00ednai napokon megy\u00fcnk majd.<\/p>\n<p>Ut\u00e1na eb\u00e9delt\u00fcnk, a men\u00fc kukoricaleves, rizs, anan\u00e1szos husi, alma \u00e9s paradicsomos toj\u00e1s volt. Ki tal\u00e1lja ki, mit evett Barni? \u2013 Igen, rizst toj\u00e1ssal, el\u0151bbib\u0151l m\u00e9g repet\u00e1zott is &#8211; pedig \u00fagy \u00e1lltunk hozz\u00e1 az elej\u00e9n, hogy &#8220;Apa, nem vagyok \u00e9hes&#8221;. <span style=\"font-family: Wingdings;\">J<\/span><\/p>\n<p><a title=\"IMG_20120902_113958 by zaqrack, on Flickr\" href=\"http:\/\/www.flickr.com\/photos\/87286571@N00\/7913456564\/\"><img loading=\"lazy\" class=\"aligncenter\" src=\"http:\/\/farm9.staticflickr.com\/8445\/7913456564_3d232cb31d.jpg\" alt=\"IMG_20120902_113958\" width=\"500\" height=\"374\" \/><\/a><\/p>\n<p>Az eb\u00e9d k\u00f6zep\u00e9n\u00e9l volt egy kis nyafi, hogy \u00fcljek mell\u00e9, de kategorikusan elutas\u00edtottam a k\u00e9r\u00e9st. Feltal\u00e1lta mag\u00e1t, \u00e9s elkezdett kan\u00e1llal vizet &#8220;enni&#8221; \u00e9s az istennek nem akarta abbahagyni. Hagytam.<\/p>\n<p><a title=\"IMG_20120902_114909 by zaqrack, on Flickr\" href=\"http:\/\/www.flickr.com\/photos\/87286571@N00\/7913458580\/\"><img loading=\"lazy\" class=\"aligncenter\" src=\"http:\/\/farm9.staticflickr.com\/8445\/7913458580_baeb218ce2.jpg\" alt=\"IMG_20120902_114909\" width=\"500\" height=\"374\" \/><\/a><\/p>\n<p style=\"text-align: left;\">Eb\u00e9d ut\u00e1n m\u00e1r nem maradt sok tennival\u00f3 a k\u00e9znyomos t\u00e1sk\u00e1k kioszt\u00e1sa, kis j\u00e1t\u00e9k ki-ki amit akart. \u00c9n kimentem a szekr\u00e9nyekhez pako\u00e1szni picit m\u00edg Barni j\u00e1tszott,k\u00e9t percent bel\u00fcl meghallottam a f\u00e9lreismerhetetlen s\u00edr\u00e1s\u00e1t \u2013 azt hitte hazamentem. Megbesz\u00e9lt\u00fcl, hogy err\u0151l most sz\u00f3 sincs, de legk\u00f6zelebb mikor j\u00f6v\u00fcnk nem fogok itt maradni.<\/p>\n<p><a title=\"IMG_20120902_120916 by zaqrack, on Flickr\" href=\"http:\/\/www.flickr.com\/photos\/87286571@N00\/7913460556\/\"><img loading=\"lazy\" class=\"aligncenter\" src=\"http:\/\/farm9.staticflickr.com\/8035\/7913460556_c9b64fe1e7.jpg\" alt=\"IMG_20120902_120916\" width=\"374\" height=\"500\" \/><\/a><\/p>\n<p style=\"text-align: left;\">Azt\u00e1n d\u00e9l k\u00f6r\u00fcl elkezdtek hazasz\u00e1lling\u00f3zni a gyerekek. Mi is megbesz\u00e9lt\u00fcnk m\u00e9g minden megbesz\u00e9lnival\u00f3t \u2013 Barni m\u00e1r az els\u0151 h\u00e9ten is szerda-cs\u00fct\u00f6rt\u00f6k-p\u00e9ntek fog menni, azt\u00e1n meg\u00f6ltelt\u00fck Hanna n\u00e9nit (nem Barni akarta mondjuk <span style=\"font-family: Wingdings;\">J<\/span>), meg elk\u00f6sz\u00f6nt\u00fcnk Jessie-t\u0151l \u00e9s hazaindultunk \u2013 b\u00e1r ha Barnin m\u00falik m\u00e9g maradunk a kertben j\u00e1tszani.<\/p>\n<p>M\u00e9g haza se \u00e9rt\u00fcnk, m\u00e1r f\u00e9l\u00faton mondta Barni, hogy szeretne visszamenni az oviba j\u00e1tszani \u2013 sz\u00f3val az\u00e9rt szerintem nagy baj nem lesz, csak a sok gyereket kell megszoknia meg persze az \u00faj embereket. D\u00e9lut\u00e1n is t\u00f6bbsz\u00f6r emlegette, hogy megy majd megint oviba, meg hogy j\u00f3 volt az oviban. Val\u00f3sz\u00edn\u00fcleg csak sok volt ez \u00edgy egyszerre \u2013 a sok ismeretlen dolog, \u00e9s persze az se seg\u00edt, hogy szemmel l\u00e1that\u00f3an a legt\u00f6bb gyerek m\u00e1r j\u00e1rt b\u00f6lcsibe vagy legal\u00e1bbis rendszeresen j\u00e1tsz\u00f3csoportba \u2013 mert sokkal jobban figyeltek az \u00f3v\u00f3n\u00e9nikre \u2013 Barni m\u00e9g a k\u00f6z\u00f6s tapsol\u00e1sban \u00e9s l\u00e1bdobog\u00e1sban sem volt benne, teljesen hi\u00e1nyzott bel\u0151le a csordaszellem.<\/p>\n<p>Itthon kicsomagoltam az egyenruhak\u00e9szletet \u2013 a p\u00f3l\u00f3 m\u00e9g rendben is van, de a hossz\u00fanadr\u00e1g tal\u00e1n m\u00e9g r\u00e1m is j\u00f3 lenne <span style=\"font-family: Wingdings;\">J<\/span> Nem baj, majd felhajtjuk, \u00e9s \u00fagyis \u00fagy n\u0151, mint a gomba.<\/p>\n<p><a title=\"IMG_20120902_135337 by zaqrack, on Flickr\" href=\"http:\/\/www.flickr.com\/photos\/87286571@N00\/7913462432\/\"><img loading=\"lazy\" class=\"aligncenter\" src=\"http:\/\/farm9.staticflickr.com\/8322\/7913462432_522d789bdf.jpg\" alt=\"IMG_20120902_135337\" width=\"500\" height=\"374\" \/><\/a><\/p>\n<p>D\u00e9lut\u00e1n m\u00e9g alv\u00e1s ut\u00e1n megrajzoltuk Barni puzzledarabj\u00e1t \u2013 ugyanis mindenki kapott egyet, nagy 10x10cm-es darabot, amibe be kelllet ragasztani a k\u00e9p\u00e9t \u00e9s rajzolni r\u00e1 \u2013 mind kiker\u00fcl majd az ajt\u00f3 mell\u00e9 a falra egy nagy k\u00f6z\u00f6s k\u00e9pet alkotva, majd pedig elment\u00fcnk Laura sz\u00fclinapj\u00e1ra, hogy igaz\u00e1n esem\u00e9nyd\u00fas legyen a nap.<\/p>\n<p>Sz\u00f3val ez volt az els\u0151 nap \u2013 legk\u00f6zelebb szerd\u00e1n megy\u00fcnk \u00e9s biztos nem \u00fasszuk meg s\u00edr\u00e1s n\u00e9lk\u00fcl, de rem\u00e9lem a nap \u2013de legk\u00e9s\u0151bb a h\u00e9te- v\u00e9g\u00e9re m\u00e1r elm\u00falik a gond. Szerintem ha az \u00e9rdekl\u0151d\u00e9s megvan \u2013 \u00e9s megvan \u2013 akkor ez csak id\u0151 k\u00e9rd\u00e9se.<\/p>\n<p>&nbsp;<\/p>\n","protected":false},"excerpt":{"rendered":"<p>K\u00f6zk\u00edv\u00e1natra f\u00e9nyk\u00e9pes besz\u00e1mol\u00f3 \u2013 k\u00e9pmin\u0151s\u00e9g\u00e9rt eln\u00e9z\u00e9st, telefon volt csak n\u00e1lam. Vas\u00e1rnap reggel Barnival felpattantunk a bicajra \u00e9s elment\u00fcnk az \u00f3vod\u00e1ba. M\u00e9rs\u00e9kelt, de pozit\u00edv lelkesed\u00e9ssel indultunk neki. Bicajjal kevesebb, mint 10 perc az \u00fat, \u00edgy kor\u00e1n oda\u00e9rt\u00fcnk \u2013 de nem baj, legal\u00e1bb volt id\u0151m elint\u00e9zni a p\u00e9nz\u00fcgyeket \u00e9s \u00e1tvenni az egyenruhacsomagot. L-es csomagot adtak \u2013 hozz\u00e1nm\u00e9rtem [&hellip;]<\/p>\n","protected":false},"author":1,"featured_media":0,"comment_status":"open","ping_status":"open","sticky":false,"template":"","format":"standard","meta":[],"categories":[485],"tags":[792,594,554],"_links":{"self":[{"href":"https:\/\/shanghai.stunts.hu\/index.php?rest_route=\/wp\/v2\/posts\/2800"}],"collection":[{"href":"https:\/\/shanghai.stunts.hu\/index.php?rest_route=\/wp\/v2\/posts"}],"about":[{"href":"https:\/\/shanghai.stunts.hu\/index.php?rest_route=\/wp\/v2\/types\/post"}],"author":[{"embeddable":true,"href":"https:\/\/shanghai.stunts.hu\/index.php?rest_route=\/wp\/v2\/users\/1"}],"replies":[{"embeddable":true,"href":"https:\/\/shanghai.stunts.hu\/index.php?rest_route=%2Fwp%2Fv2%2Fcomments&post=2800"}],"version-history":[{"count":2,"href":"https:\/\/shanghai.stunts.hu\/index.php?rest_route=\/wp\/v2\/posts\/2800\/revisions"}],"predecessor-version":[{"id":2802,"href":"https:\/\/shanghai.stunts.hu\/index.php?rest_route=\/wp\/v2\/posts\/2800\/revisions\/2802"}],"wp:attachment":[{"href":"https:\/\/shanghai.stunts.hu\/index.php?rest_route=%2Fwp%2Fv2%2Fmedia&parent=2800"}],"wp:term":[{"taxonomy":"category","embeddable":true,"href":"https:\/\/shanghai.stunts.hu\/index.php?rest_route=%2Fwp%2Fv2%2Fcategories&post=2800"},{"taxonomy":"post_tag","embeddable":true,"href":"https:\/\/shanghai.stunts.hu\/index.php?rest_route=%2Fwp%2Fv2%2Ftags&post=2800"}],"curies":[{"name":"wp","href":"https:\/\/api.w.org\/{rel}","templated":true}]}}