{"id":3010,"date":"2012-10-28T10:47:57","date_gmt":"2012-10-28T02:47:57","guid":{"rendered":"http:\/\/shanghai.stunts.hu\/?p=3010"},"modified":"2012-10-28T10:47:57","modified_gmt":"2012-10-28T02:47:57","slug":"apa-nelkul-mit-erek-en","status":"publish","type":"post","link":"https:\/\/shanghai.stunts.hu\/?p=3010","title":{"rendered":"Apa n\u00e9lk\u00fcl mit \u00e9rek \u00e9n?"},"content":{"rendered":"<p>H\u00e1t nem sokat.<\/p>\n<p>M\u00edg Peti el\u0151ad\u00e1st tart \u00e9s felt\u00e9rk\u00e9pezi a terepet a legk\u00f6zelebbi pekingi l\u00e1togat\u00e1sunkra, mi itthon k\u00ednl\u00f3dunk. Legink\u00e1bb szeg\u00e9ny Barni.<\/p>\n<p>Tegnap nagy nap volt az oviban, elment a csoport egy mandarinfarmra mandarint szedni, l\u00e1ssanak a gyerekek f\u00e1n is gy\u00fcm\u00f6lcs\u00f6t. Okos! \ud83d\ude42 Mikor Barni\u00e9rt mentem el\u00e9gg\u00e9 l\u00f3gott az es\u0151 l\u00e1ba, taxival mentem\/j\u00f6tt\u00fcnk, \u00edgy elmaradt a szok\u00e1sos hazamotoroz\u00e1s. Barni el\u00e9g lelkes volt, hozott is haza a farmr\u00f3l egy kil\u00f3 mandarint! nyammi! Mondjuk a gy\u00fcm\u00f6lcsszed\u00e9st m\u00e9g gyakorolni kell, mert a fele mandarinnak hi\u00e1nyzott f\u00e9lig a h\u00e9ja. \ud83d\ude42<\/p>\n<p>Itthon azt\u00e1n j\u00e1tszottunk, majd k\u00f6vetkezett a szok\u00e1sos esti rutin: vacsora, f\u00fcrd\u00e9s, fogmos\u00e1s, mese, alv\u00e1s. Mondanom se kell, hogy Barni el\u00e9g ny\u00fcg\u00f6s volt, de az\u00e9rt lehetett b\u00edrni vele. Sz\u00e9pen le is fek\u00fcdt aludni, majd r\u00e1 egy \u00f3r\u00e1ra m\u00e1r s\u00edrva \u00e9bredt. K\u00e9rdeztem mi a baj, mondta hogy semmi, de tov\u00e1bb s\u00edrt. K\u00e9rt vizet \u00e9s m\u00e9gsem ivott, elment pisilni, m\u00e9gsem pisilt. V\u00e9g\u00fcl mondtam, hogy b\u00fajjon be mell\u00e9m az \u00e1gyba. Ott azt\u00e1n pr\u00f3b\u00e1lt aludni, de nem igaz\u00e1n ment neki, folyton nyafogni kezdett, ny\u00fcsz\u00f6g\u00f6tt, ny\u00f6sz\u00f6rg\u00f6tt&#8230;<\/p>\n<p>Ez ment \u00e9jjel f\u00e9l h\u00e1romig. Akkor meguntam \u00e9s visszaterelgettem egy kis hisztivel k\u00f6r\u00edtve a saj\u00e1t \u00e1gy\u00e1ba. Persze ott se lett jobb, h\u00faszpercenk\u00e9nt ugr\u00e1ltam fel \u00e9s futkostam a szob\u00e1j\u00e1ba a nyafog\u00e1s v\u00e9gett, de egyszer sem \u00e1rulta el mi baja. Mondjuk nem is kellett, tudtam j\u00f3l, hogy hi\u00e1nyzik Apa. \u00d6t \u00f3ra k\u00f6r\u00fcl v\u00e9gre elaludt, akkor meg amiatt izgultam, milyen lesz az \u00e9bred\u00e9s, mert h\u00e9tkor m\u00e1r fel kell kelteni, hogy k\u00e9sz\u00fcl\u0151dhess\u00fcnk, \u00e9s belef\u00e9rjen az id\u0151nkbe a reggeli meg a k\u00e9sz\u00fcl\u0151d\u00e9s.<\/p>\n<p>Persze aludt volna m\u00e9g, de menni kellett, arcmos\u00e1s, fogmos\u00e1s. Ezek mind egy fogh\u00faz\u00e1ssal fel\u00e9rnek n\u00e1la, 35perc volt, mire v\u00e9gezt\u00fcnk. Az \u00f6lt\u00f6zk\u00f6d\u00e9s k\u00f6vetkezett, ami m\u00e9g 20 perc volt \u00fagy, hogy a v\u00e9g\u00e9n m\u00e1r \u00e9n adtam r\u00e1 a ruh\u00e1t. Igen, itt m\u00e1r n\u00e1lam is elszakadt a c\u00e9rna. Barni abban a korban van, hogy a kommunik\u00e1ci\u00f3t ny\u00e1vog\u00e1s form\u00e1j\u00e1ban v\u00e9gzi, ami el\u00e9g kimer\u00edt\u0151 \u00e9s ideg\u00f6l\u0151, r\u00e1ad\u00e1sul am\u00fagy sem vagyok a t\u00fcrelem szobra, \u00edgy a v\u00e9g\u00e9n m\u00e1r \u00e9n is el\u00e9g ny\u00fcg\u00f6s voltam. Fel is h\u00edvtam Petit v\u00e9gs\u0151 elkesered\u00e9semben \u00e9s el\u0151adtam az \u00c9n nem vagyok j\u00f3 anyuka, nem tudom megnyugtatni a gyereket! monol\u00f3gomat, majd a tetej\u00e9be m\u00e9g Petivel is \u00f6sszevesztem picit.<\/p>\n<p>K\u00f6vetkezzen h\u00e1t a reggeli: Mit k\u00e9rsz Barni? Joghurtot. Ok\u00e9, itt a joghurt, gyere, \u00fclj le, egy\u00e9l! Nem k\u00e9rem. Na puff&#8230; Nem vagy \u00e9hes Barni? Nem. Menj\u00fcnk oviba.<\/p>\n<p>Na itt \u00e9reztem azt, hogy a gyerek m\u00e1r b\u00e1rmit akar, csak az anyj\u00e1t nem. \ud83d\ude42 Elindultunk h\u00e1t az oviba \u00e9s j\u00f3 hamar oda is \u00e9rt\u00fcnk. M\u00e9g a reggeli eg\u00e9szs\u00e9g\u00fcgyis n\u0151v\u00e9rek sem voltak a hely\u00fck\u00f6n. \u0150k szokt\u00e1k megn\u00e9zni a gyerekeket, hogy nem-e betegek. (sz\u00e1jba vil\u00e1g\u00edt\u00e1s, testh\u0151m\u00e9r\u00e9s, teny\u00e9rvizsg\u00e1lat a ki\u00fct\u00e9sek v\u00e9gett). Az oviba menet am\u00fagy Barni nem is sz\u00f3lt hozz\u00e1m, csak mikor meg\u00e9rkezt\u00fcnk kezdett el picit nyitni \u00e9s magyar\u00e1zta, hogy melyik m\u00e1sz\u00f3k\u00e1t szereti a legjobban, ilyesmi.<\/p>\n<p>Mikor fel\u00e9rt\u00fcnk a terembe, az ovi ayi fogadott minket \u00e9s nagy \u00f6r\u00f6mmel k\u00f6sz\u00f6nt\u00f6tt\u00e9k egym\u00e1st Barnival, majd az ayi beterelte Barnit a terembe. \u00c9n m\u00e9g \u00e1csorogtam ott az ajt\u00f3ban picit, mert szerettem volna valamelyik \u00f3v\u00f3n\u00e9nivel besz\u00e9lni p\u00e1r sz\u00f3t, m\u00e9gse lep\u0151djenek meg, ha esetleg Barni nincs ma a legjobb form\u00e1j\u00e1ban. P\u00e1r percig \u00e1lltam ott, majd megl\u00e1ttam Barnit amint kikukucsk\u00e1l a teremb\u0151l k\u00f6nnybe l\u00e1badt szemmel. Az ayi egyb\u0151l felkapta babusgatni, \u00e9n meg vettem a lapot, hogy most l\u00e9pnem kell, nem v\u00e1rhatom meg az \u00f3v\u00f3n\u00e9niket, \u00edgy adtunk egym\u00e1snak egy puszit Barnival, azt\u00e1n elindultam haza.<\/p>\n<p>Szerencs\u00e9re a l\u00e9pcs\u0151fordul\u00f3ban \u0151sszefutottam Hann\u00e1val \u00e9s elmondtam neki, hogy Barni 2\u00f3r\u00e1t aludt \u00e9s nem t\u00fal j\u00f3kedv\u00fc mert apuk\u00e1ja nincs itthon. Mondta, hogy majd figyelnek r\u00e1, ne agg\u00f3djak. Szuper. Ir\u00e1ny haza aludni. \u00datk\u00f6zben felh\u00edvtam egy bar\u00e1tn\u0151met, kipanaszkodni magam, \u0151 is mes\u00e9lte, hogy a l\u00e1nya (egyid\u0151s Barnival) ugyan\u00edgy ny\u00e1vog mostans\u00e1g minden\u00e9rt, m\u00e9g egy szimpla k\u00e9r\u00e9s is olyan, mintha a vil\u00e1g d\u0151lt volna \u0151ssze, \u00edgy picit megnyugodtam, hogy val\u00f3sz\u00edn\u00fc nem lelki s\u00e9r\u00fclt gyermekem, mert m\u00e1sok is ebben a korszakban vannak.<\/p>\n<p>Az otthoni alv\u00e1s \u00e9s gyors eb\u00e9d ut\u00e1n vissza az oviba, mert a h\u00f3nap utols\u00f3 p\u00e9nteki napj\u00e1n r\u00f6vid nap van, 12:30kor el kell hozni a man\u00f3kat. Hanna megnyugtatott, minden rendben volt Barnival. \u00c9s nocsak, Barni is \u00f6r\u00f6mmel fogadott, b\u00e1r megk\u00e9rdezte, hol van Apa \u00e9s mikor j\u00f6n m\u00e1r v\u00e9gre. \ud83d\ude42<\/p>\n<p>Sz\u00e9pen hazamotoroztunk, de olyan halkan mes\u00e9lte a nap esem\u00e9nyeit, hogy alig lehetett hallani. Nagyon f\u00e1radt volt, nem is csoda, ez\u00e9rt sz\u00e9pen lefektettem aludni. 4\u00f3rakor keltettem, majd kit\u00e1molygott a szob\u00e1b\u00f3l, led\u0151lt a kanap\u00e9ra \u00e9s \u00fcveges tekintettel b\u00e1mult maga el\u00e9. K\u00e9s\u0151bb fel\u00e9l\u00e9nk\u00fclt, de a f\u00fcrd\u00e9sn\u00e9l kifejtette, hogy \u0151 nem szeret f\u00fcr\u00f6dni \u00e9s szeretne koszos maradni, valamint a fogmos\u00e1s se nagyon m\u00fck\u00f6d\u00f6tt. A vacsor\u00e1t legal\u00e1bb megette r\u00f6pke 45perc alatt&#8230; \u00d6sszess\u00e9g\u00e9ben az\u00e9rt a d\u00e9lut\u00e1n eg\u00e9sz j\u00f3l telt. Elmagyar\u00e1ztam neki, hogy mikor fel\u00e9bred, Apa m\u00e1r itt lesz , ne agg\u00f3djon. V\u00e9g\u00fcl sz\u00e9pen lefek\u00fcdt aludni \u00e9s egyel\u0151re nem hallok s\u00edr\u00e1st, nyafog\u00e1st a szob\u00e1b\u00f3l.<\/p>\n","protected":false},"excerpt":{"rendered":"<p>H\u00e1t nem sokat. M\u00edg Peti el\u0151ad\u00e1st tart \u00e9s felt\u00e9rk\u00e9pezi a terepet a legk\u00f6zelebbi pekingi l\u00e1togat\u00e1sunkra, mi itthon k\u00ednl\u00f3dunk. Legink\u00e1bb szeg\u00e9ny Barni. Tegnap nagy nap volt az oviban, elment a csoport egy mandarinfarmra mandarint szedni, l\u00e1ssanak a gyerekek f\u00e1n is gy\u00fcm\u00f6lcs\u00f6t. Okos! \ud83d\ude42 Mikor Barni\u00e9rt mentem el\u00e9gg\u00e9 l\u00f3gott az es\u0151 l\u00e1ba, taxival mentem\/j\u00f6tt\u00fcnk, \u00edgy elmaradt a [&hellip;]<\/p>\n","protected":false},"author":2,"featured_media":0,"comment_status":"open","ping_status":"open","sticky":false,"template":"","format":"standard","meta":[],"categories":[105],"tags":[],"_links":{"self":[{"href":"https:\/\/shanghai.stunts.hu\/index.php?rest_route=\/wp\/v2\/posts\/3010"}],"collection":[{"href":"https:\/\/shanghai.stunts.hu\/index.php?rest_route=\/wp\/v2\/posts"}],"about":[{"href":"https:\/\/shanghai.stunts.hu\/index.php?rest_route=\/wp\/v2\/types\/post"}],"author":[{"embeddable":true,"href":"https:\/\/shanghai.stunts.hu\/index.php?rest_route=\/wp\/v2\/users\/2"}],"replies":[{"embeddable":true,"href":"https:\/\/shanghai.stunts.hu\/index.php?rest_route=%2Fwp%2Fv2%2Fcomments&post=3010"}],"version-history":[{"count":2,"href":"https:\/\/shanghai.stunts.hu\/index.php?rest_route=\/wp\/v2\/posts\/3010\/revisions"}],"predecessor-version":[{"id":3018,"href":"https:\/\/shanghai.stunts.hu\/index.php?rest_route=\/wp\/v2\/posts\/3010\/revisions\/3018"}],"wp:attachment":[{"href":"https:\/\/shanghai.stunts.hu\/index.php?rest_route=%2Fwp%2Fv2%2Fmedia&parent=3010"}],"wp:term":[{"taxonomy":"category","embeddable":true,"href":"https:\/\/shanghai.stunts.hu\/index.php?rest_route=%2Fwp%2Fv2%2Fcategories&post=3010"},{"taxonomy":"post_tag","embeddable":true,"href":"https:\/\/shanghai.stunts.hu\/index.php?rest_route=%2Fwp%2Fv2%2Ftags&post=3010"}],"curies":[{"name":"wp","href":"https:\/\/api.w.org\/{rel}","templated":true}]}}