{"id":3996,"date":"2013-08-15T12:00:01","date_gmt":"2013-08-15T04:00:01","guid":{"rendered":"http:\/\/shanghai.stunts.hu\/?p=3996"},"modified":"2013-08-15T03:31:06","modified_gmt":"2013-08-14T19:31:06","slug":"erdely-2-nap-orban-balazs-barlang-es-kurtoskalacs","status":"publish","type":"post","link":"https:\/\/shanghai.stunts.hu\/?p=3996","title":{"rendered":"Erd\u00e9ly 2. nap &#8211; Orb\u00e1n Bal\u00e1zs barlang \u00e9s k\u00fcrt\u0151skal\u00e1cs"},"content":{"rendered":"<p>Az els\u0151 napra egy k\u00f6nnyebb kis kir\u00e1ndul\u00e1st tervezt\u00fcnk &#8211; a fiatalkoromban t\u00f6bbsz\u00f6r bej\u00e1rt helyre, Szelterszf\u00fcrd\u0151 melletti Orb\u00e1n Bal\u00e1zs barlanhoz indultunk. Ez anno kb 20-25km s\u00e9t\u00e1t jelentett &#8211; ez most se lenne gond, de k\u00e9t kisgyerekkel az\u00e9rt m\u00e9gse v\u00e1lalltuk, \u00edgy am\u00edg lehet, aut\u00f3val ment\u00fcnk, kb. 8km-re r\u00f6vid\u00edtve a s\u00e9tat\u00e1vot. (6-8km a gyerekek teljes\u00edt\u0151k\u00e9pess\u00e9ge) Szerencs\u00e9re az aut\u00f3nk \u00e1talak\u00edthat\u00f3 h\u00e9tszem\u00e9lyess\u00e9, \u00edgy Dani\u00e9k \u00e9s bef\u00e9rtek hozz\u00e1nk \u00e9s el\u00e9g volt egy aut\u00f3val d\u00f6c\u00f6gni a k\u00f6ved utakon a sz\u00e1nt\u00f3f\u00f6ld k\u00f6zep\u00e9n. Szokatlan volt nekem aut\u00f3val menni ilyen helyeken, de a csal\u00e1dos ember \u00e9lete k\u00e9nyszer\u0171 kompromisszumokb\u00f3l \u00e1ll \u00f6ssze \ud83d\ude42<\/p>\n<p><!--more--><\/p>\n<p>A barlang arr\u00f3l nevezetes -t\u00f6bbek k\u00f6zt, hogy egy foly\u00f3v\u00f6lgyben fekszik, teh\u00e1t a foly\u00f3 mellett kell megk\u00f6zel\u00edteni. Ez tizen\u00f6t \u00e9ve \u00fagy n\u00e9zett ki, hogy 10-12 alkalommal kell\u0151en neki kellett vetk\u0151zni \u00e9s \u00e1tg\u00e1zolni a foly\u00f3csk\u00e1n &#8211; m\u00e1ra viszont m\u00e1r f\u00fcgg\u0151hidakat \u00e9s m\u00e1s f\u00fcggesztett utakat \u00e9p\u00edtettek a v\u00f6lgyben, \u00edgy kev\u00e9sb\u00e9 kalandos &#8211; gyerekekkel nem b\u00e1ntam \ud83d\ude42 Nagyon \u00e9lvezt\u00e9k a fi\u00fak -\u00e9s mi is- a kalandos s\u00e9t\u00e1t. Andi m\u00e1r napok \u00f3ta azon agg\u00f3dott, hogy mi lesz, ha medv\u00e9k t\u00e1madnak meg minket &#8211; \u00e9n meg bizonygattam, hogy nincs is errefele annyi medve. Persze hogy ezekut\u00e1n belefutottunk egy &#8220;vigy\u00e1zz medv\u00e9k&#8221; t\u00e1bl\u00e1ba \ud83d\ude42<\/p>\n<p>A barlangn\u00e1l elfogyaztottuk uzsonn\u00e1nkat, majd visszafele a hegyen \u00e1t\u00edvel\u0151 meredek \u00fatvonalat v\u00e1lasztottuk. Am\u00edg l\u00e1ncokba kellett kapaszkodni, addig ezzel nem volt gond, de ut\u00e1na Barni megunta a dolgot (m\u00e1r t\u00fal voltunk 6km-en) \u00e9s hisztizni kezdett. Ett\u0151l persze Ricsi is r\u00e1zend\u00edtett. A v\u00e9g\u00e9n m\u00e1r a h\u00f3nom alatt vittem a k\u00e9t vis\u00edt\u00f3 man\u00f3t \ud83d\ude42<\/p>\n<p>Fent a hegygerincen der\u00e9kig (nek\u00fcnk) \u00e9r\u0151 f\u0171, z\u00fcmm\u00f6g\u0151 m\u00e9hek \u00e9s csod\u00e1latos mez\u0151k v\u00e1rtak. Itt s\u00e9t\u00e1ltunk vissza az aut\u00f3hoz.<\/p>\n<p>Sietni kellett mert d\u00e9lut\u00e1nra m\u00e1s programunk volt &#8211; a sz\u00e1ll\u00e1sfoglal\u00f3s oldalt \u00fczemeltet\u0151 csal\u00e1d h\u00edvott meg minket a saj\u00e1t vend\u00e9gh\u00e1zukhoz k\u00fcrt\u0151skal\u00e1cs s\u00fct\u00e9sre \u00e9s n\u00e9mi kapcsol\u00f3d\u00f3 programra. Ez a zetelaki v\u00edzt\u00e1roz\u00f3 mellett volt, ami egy csod\u00e1latosan gy\u00f6ny\u00f6r\u0171 hely, tal\u00e1n az egyik legfest\u0151ibb a k\u00f6rny\u00e9ken. Kicsit nehezen tal\u00e1ltuk meg a h\u00e1zat, de ez a mi felk\u00e9sz\u00fcletlens\u00e9g\u00fcnk volt. Szerencs\u00e9re nem maradtunk le semmir\u0151l<\/p>\n<p>Eg\u00e9sz n\u00e9pes vend\u00e9gsereg gy\u0171lt \u00f6ssze (ezek szerint az\u00e9rt szerencs\u00e9re van m\u0171k\u00f6d\u0151 turizmus), voltunk kb. \u00f6tvenen. Fogyott a k\u00fcrt\u0151skal\u00e1cs meg m\u00e1s finoms\u00e1gok &#8211; \u00e9s mi is megtanultunk s\u00fctni, &#8211; Andi nagy \u00f6r\u00f6m\u00e9re, \u00e9s meg is ehett\u00fck a saj\u00e1tunkat. A vend\u00e9gl\u00e1t\u00f3ink itt is nagyon kedvesek voltak &#8211; ez\u00faton aj\u00e1nlom is a b\u00e1tran honlapot: erdelyivendeghazak.ro mindenkinek aki a k\u00f6rny\u00e9kre k\u00e9sz\u00fcl.<\/p>\n<p>Hazafele m\u00e9g \u00e1tgurultunk egy hazafele tart\u00f3 teh\u00e9ncsord\u00e1n, majd otthon a sok kal\u00e1cs ut\u00e1n m\u00e1r csak egy laz\u00e1bb vacsor\u00e1ra volt sz\u00fcks\u00e9g\u00fcnk, azt\u00e1n bed\u0151lt\u00fcnk az \u00e1gyba. A vid\u00e9ki csendben nem volt neh\u00e9z elaludni, m\u00e1r amennyire a fi\u00fak hagytak \ud83d\ude42<\/p>\n<p><object width=\"640\" height=\"640\" classid=\"clsid:d27cdb6e-ae6d-11cf-96b8-444553540000\" codebase=\"http:\/\/download.macromedia.com\/pub\/shockwave\/cabs\/flash\/swflash.cab#version=6,0,40,0\"><param name=\"flashvars\" value=\"offsite=true&amp;lang=en-us&amp;page_show_url=%2Fphotos%2F87286571%40N00%2Fsets%2F72157635075167468%2Fshow%2Fwith%2F9509794539%2F&amp;page_show_back_url=%2Fphotos%2F87286571%40N00%2Fsets%2F72157635075167468%2Fwith%2F9509794539%2F&amp;set_id=72157635075167468&amp;jump_to=9509794539\" \/><param name=\"allowFullScreen\" value=\"true\" \/><param name=\"src\" value=\"http:\/\/www.flickr.com\/apps\/slideshow\/show.swf?v=124984\" \/><param name=\"allowfullscreen\" value=\"true\" \/><embed width=\"640\" height=\"640\" type=\"application\/x-shockwave-flash\" src=\"http:\/\/www.flickr.com\/apps\/slideshow\/show.swf?v=124984\" flashvars=\"offsite=true&amp;lang=en-us&amp;page_show_url=%2Fphotos%2F87286571%40N00%2Fsets%2F72157635075167468%2Fshow%2Fwith%2F9509794539%2F&amp;page_show_back_url=%2Fphotos%2F87286571%40N00%2Fsets%2F72157635075167468%2Fwith%2F9509794539%2F&amp;set_id=72157635075167468&amp;jump_to=9509794539\" allowFullScreen=\"true\" allowfullscreen=\"true\" \/><\/object><\/p>\n","protected":false},"excerpt":{"rendered":"<p>Az els\u0151 napra egy k\u00f6nnyebb kis kir\u00e1ndul\u00e1st tervezt\u00fcnk &#8211; a fiatalkoromban t\u00f6bbsz\u00f6r bej\u00e1rt helyre, Szelterszf\u00fcrd\u0151 melletti Orb\u00e1n Bal\u00e1zs barlanhoz indultunk. Ez anno kb 20-25km s\u00e9t\u00e1t jelentett &#8211; ez most se lenne gond, de k\u00e9t kisgyerekkel az\u00e9rt m\u00e9gse v\u00e1lalltuk, \u00edgy am\u00edg lehet, aut\u00f3val ment\u00fcnk, kb. 8km-re r\u00f6vid\u00edtve a s\u00e9tat\u00e1vot. (6-8km a gyerekek teljes\u00edt\u0151k\u00e9pess\u00e9ge) Szerencs\u00e9re az aut\u00f3nk [&hellip;]<\/p>\n","protected":false},"author":1,"featured_media":0,"comment_status":"open","ping_status":"open","sticky":false,"template":"","format":"standard","meta":[],"categories":[276],"tags":[993,395,248],"_links":{"self":[{"href":"https:\/\/shanghai.stunts.hu\/index.php?rest_route=\/wp\/v2\/posts\/3996"}],"collection":[{"href":"https:\/\/shanghai.stunts.hu\/index.php?rest_route=\/wp\/v2\/posts"}],"about":[{"href":"https:\/\/shanghai.stunts.hu\/index.php?rest_route=\/wp\/v2\/types\/post"}],"author":[{"embeddable":true,"href":"https:\/\/shanghai.stunts.hu\/index.php?rest_route=\/wp\/v2\/users\/1"}],"replies":[{"embeddable":true,"href":"https:\/\/shanghai.stunts.hu\/index.php?rest_route=%2Fwp%2Fv2%2Fcomments&post=3996"}],"version-history":[{"count":2,"href":"https:\/\/shanghai.stunts.hu\/index.php?rest_route=\/wp\/v2\/posts\/3996\/revisions"}],"predecessor-version":[{"id":4000,"href":"https:\/\/shanghai.stunts.hu\/index.php?rest_route=\/wp\/v2\/posts\/3996\/revisions\/4000"}],"wp:attachment":[{"href":"https:\/\/shanghai.stunts.hu\/index.php?rest_route=%2Fwp%2Fv2%2Fmedia&parent=3996"}],"wp:term":[{"taxonomy":"category","embeddable":true,"href":"https:\/\/shanghai.stunts.hu\/index.php?rest_route=%2Fwp%2Fv2%2Fcategories&post=3996"},{"taxonomy":"post_tag","embeddable":true,"href":"https:\/\/shanghai.stunts.hu\/index.php?rest_route=%2Fwp%2Fv2%2Ftags&post=3996"}],"curies":[{"name":"wp","href":"https:\/\/api.w.org\/{rel}","templated":true}]}}