{"id":952,"date":"2011-07-02T22:55:07","date_gmt":"2011-07-02T14:55:07","guid":{"rendered":"http:\/\/shanghai.stunts.hu\/?p=952"},"modified":"2011-07-02T22:55:07","modified_gmt":"2011-07-02T14:55:07","slug":"vendegposzt-laci","status":"publish","type":"post","link":"https:\/\/shanghai.stunts.hu\/?p=952","title":{"rendered":"Vend\u00e9gposzt: Laci"},"content":{"rendered":"<p>Laci z\u00e1r\u00f3 gondolatait k\u00f6zvet\u00edten\u00e9m, miel\u0151tt lassan indulnak a rept\u00e9rre. Holnapt\u00f3l pedig bejegyz\u00e9sek \u00f6z\u00f6ne v\u00e1rhat\u00f3, ahogy megpr\u00f3b\u00e1lunk felz\u00e1rk\u00f3zni a dokument\u00e1latlan \u00e9lm\u00e9nyekkel \ud83d\ude42<\/p>\n<p><em>F\u00e1j\u00f3 sz\u00edvvel b\u00facsuzunk, felejthetetlen volt az elm\u00falt 14 nap. Sok mindent l\u00e1ttunk, amit p\u00e1r \u00e9vvel ezel\u0151tt nem gondoltunk volna, hogy lehet\u0151s\u00e9g\u00fcnk ny\u00edlik r\u00e1. <\/em><\/p>\n<p><em>Nekem a legnagyobb itteni \u00e9lm\u00e9nyem a Nagy Fal volt. \u00dagy l\u00e1tszik a falak m\u00e9ly benyom\u00e1st keltenek. Az emberek kedvesek voltak. A p\u00e1r\u00e1s meleg nem nekem val\u00f3, de kib\u00edrtam. A k\u00ednai koszt is &#8220;elmegy&#8221;, csak az utols\u00f3 nap gyeng\u00e9lkedett a gyomrom, \u00edgy be kellett \u00e9rnem kis s\u00f3s krumplival, m\u00edg a t\u00f6bbiek t\u00f6mt\u00e9k magukba az Andi \u00e9s Peti \u00e1ltal elk\u00e9sz\u00edtett pizz\u00e1kat. <\/em><\/p>\n<p><em>Barni nagyon aranyos volt, sokat n\u0151tt \u00e9s okosodott. Mire legk\u00f6zelebb \u00fajra \u00e9l\u0151ben l\u00e1tjuk, biztos m\u00e9g legal\u00e1bb ugyanennyit fog fejl\u0151dni.<\/em><\/p>\n<p><em>K\u00f6sz\u00f6n\u00f6nj\u00fck mindenkinek a sz\u00edves vend\u00e9gl\u00e1t\u00e1st, \u00e9s hogy kib\u00edrtak minket k\u00e9t h\u00e9tig. Nem is maradn\u00e1nk, ne is akarjanak minket marasztalni. \ud83d\ude42 <\/em><\/p>\n<p><em>P\u00e1r \u00f3ra m\u00falva rep\u00fcl\u00fcnk, rem\u00e9lj\u00fck j\u00f3 utunk lesz hazafel\u00e9. \u00dajra oootthon lesz\u00fcnk. <\/em><\/p>\n","protected":false},"excerpt":{"rendered":"<p>Laci z\u00e1r\u00f3 gondolatait k\u00f6zvet\u00edten\u00e9m, miel\u0151tt lassan indulnak a rept\u00e9rre. Holnapt\u00f3l pedig bejegyz\u00e9sek \u00f6z\u00f6ne v\u00e1rhat\u00f3, ahogy megpr\u00f3b\u00e1lunk felz\u00e1rk\u00f3zni a dokument\u00e1latlan \u00e9lm\u00e9nyekkel \ud83d\ude42 F\u00e1j\u00f3 sz\u00edvvel b\u00facsuzunk, felejthetetlen volt az elm\u00falt 14 nap. Sok mindent l\u00e1ttunk, amit p\u00e1r \u00e9vvel ezel\u0151tt nem gondoltunk volna, hogy lehet\u0151s\u00e9g\u00fcnk ny\u00edlik r\u00e1. Nekem a legnagyobb itteni \u00e9lm\u00e9nyem a Nagy Fal volt. \u00dagy l\u00e1tszik [&hellip;]<\/p>\n","protected":false},"author":1,"featured_media":0,"comment_status":"open","ping_status":"open","sticky":false,"template":"","format":"standard","meta":[],"categories":[267],"tags":[270,271,268],"_links":{"self":[{"href":"https:\/\/shanghai.stunts.hu\/index.php?rest_route=\/wp\/v2\/posts\/952"}],"collection":[{"href":"https:\/\/shanghai.stunts.hu\/index.php?rest_route=\/wp\/v2\/posts"}],"about":[{"href":"https:\/\/shanghai.stunts.hu\/index.php?rest_route=\/wp\/v2\/types\/post"}],"author":[{"embeddable":true,"href":"https:\/\/shanghai.stunts.hu\/index.php?rest_route=\/wp\/v2\/users\/1"}],"replies":[{"embeddable":true,"href":"https:\/\/shanghai.stunts.hu\/index.php?rest_route=%2Fwp%2Fv2%2Fcomments&post=952"}],"version-history":[{"count":2,"href":"https:\/\/shanghai.stunts.hu\/index.php?rest_route=\/wp\/v2\/posts\/952\/revisions"}],"predecessor-version":[{"id":954,"href":"https:\/\/shanghai.stunts.hu\/index.php?rest_route=\/wp\/v2\/posts\/952\/revisions\/954"}],"wp:attachment":[{"href":"https:\/\/shanghai.stunts.hu\/index.php?rest_route=%2Fwp%2Fv2%2Fmedia&parent=952"}],"wp:term":[{"taxonomy":"category","embeddable":true,"href":"https:\/\/shanghai.stunts.hu\/index.php?rest_route=%2Fwp%2Fv2%2Fcategories&post=952"},{"taxonomy":"post_tag","embeddable":true,"href":"https:\/\/shanghai.stunts.hu\/index.php?rest_route=%2Fwp%2Fv2%2Ftags&post=952"}],"curies":[{"name":"wp","href":"https:\/\/api.w.org\/{rel}","templated":true}]}}